{"id":312,"date":"2022-01-27T14:56:17","date_gmt":"2022-01-27T13:56:17","guid":{"rendered":"https:\/\/services7.cloud1.sbg.meosis.fr\/microcrechejulesettiago\/?p=312"},"modified":"2022-05-31T17:09:44","modified_gmt":"2022-05-31T15:09:44","slug":"ouverture-micro-creche","status":"publish","type":"post","link":"https:\/\/services7.cloud1.sbg.meosis.fr\/julesettiago\/ouverture-micro-creche-312.html","title":{"rendered":"Ouverture pr\u00e9vue de la micro-cr\u00e8che\u00a0: 5 septembre 2022"},"content":{"rendered":"<p>Une journ\u00e9e \u00ab\u00a0portes ouvertes\u00a0\u00bb sera organis\u00e9e avant l\u2019ouverture. Une inauguration sera \u00e9galement organis\u00e9e pour marquer l&rsquo;ouverture\u00a0de la micro-cr\u00e8che !<\/p>\n<p><span style=\"text-decoration: underline\">Les conditions d&rsquo;admission<\/span> : les inscriptions se font directement aupr\u00e8s de la directrice par t\u00e9l\u00e9phone au 06 47 85 24 13 ou bien via le site internet via <a href=\"https:\/\/www.microcrechejulesettiago.fr\/contact.html\">la rubrique Contact<\/a>.<\/p>\n","protected":false},"excerpt":{"rendered":"<p>Une journ\u00e9e \u00ab\u00a0portes ouvertes\u00a0\u00bb sera organis\u00e9e avant l\u2019ouverture. Une inauguration sera \u00e9galement organis\u00e9e pour marquer l&rsquo;ouverture\u00a0de la micro-cr\u00e8che ! Les conditions d&rsquo;admission : les inscriptions se font directement aupr\u00e8s de la directrice par t\u00e9l\u00e9phone au 06 47 85 24 13 ou bien via le site internet via la rubrique Contact.<\/p>\n","protected":false},"author":1,"featured_media":23,"comment_status":"open","ping_status":"open","sticky":false,"template":"","format":"standard","meta":{"_acf_changed":false,"footnotes":""},"categories":[1],"tags":[],"class_list":["post-312","post","type-post","status-publish","format-standard","has-post-thumbnail","hentry","category-actualites"],"yoast_head":"<!-- This site is optimized with the Yoast SEO plugin v24.4 - https:\/\/yoast.com\/wordpress\/plugins\/seo\/ -->\n<title>Ouverture pr\u00e9vue de la micro-cr\u00e8che\u00a0: 5 septembre 2022 \u203a Jules &amp; Tiago<\/title>\n<meta name=\"description\" content=\"Une journ\u00e9e &quot;portes ouvertes&quot; sera organis\u00e9e avant l\u2019ouverture. Une inauguration sera \u00e9galement organis\u00e9e pour marquer l&#039;ouverture\u00a0de la micro-cr\u00e8che !\" \/>\n<meta name=\"robots\" content=\"index, follow, max-snippet:-1, max-image-preview:large, max-video-preview:-1\" \/>\n<link rel=\"canonical\" href=\"https:\/\/services7.cloud1.sbg.meosis.fr\/julesettiago\/ouverture-micro-creche-312.html\" \/>\n<meta property=\"og:locale\" content=\"fr_FR\" \/>\n<meta property=\"og:type\" content=\"article\" \/>\n<meta property=\"og:title\" content=\"Ouverture pr\u00e9vue de la micro-cr\u00e8che\u00a0: 5 septembre 2022 \u203a Jules &amp; Tiago\" \/>\n<meta property=\"og:description\" content=\"Une journ\u00e9e &quot;portes ouvertes&quot; sera organis\u00e9e avant l\u2019ouverture. Une inauguration sera \u00e9galement organis\u00e9e pour marquer l&#039;ouverture\u00a0de la micro-cr\u00e8che !\" \/>\n<meta property=\"og:url\" content=\"https:\/\/services7.cloud1.sbg.meosis.fr\/julesettiago\/ouverture-micro-creche-312.html\" \/>\n<meta property=\"og:site_name\" content=\"JULES &amp; TIAGO\" \/>\n<meta property=\"article:published_time\" content=\"2022-01-27T13:56:17+00:00\" \/>\n<meta property=\"article:modified_time\" content=\"2022-05-31T15:09:44+00:00\" \/>\n<meta property=\"og:image\" content=\"https:\/\/services7.cloud1.sbg.meosis.fr\/julesettiago\/wp-content\/uploads\/sites\/11\/2022\/01\/favicon.jpg\" \/>\n\t<meta property=\"og:image:width\" content=\"250\" \/>\n\t<meta property=\"og:image:height\" content=\"250\" \/>\n\t<meta property=\"og:image:type\" content=\"image\/jpeg\" \/>\n<meta name=\"author\" content=\"Meosis\" \/>\n<meta name=\"twitter:card\" content=\"summary_large_image\" \/>\n<meta name=\"twitter:label1\" content=\"\u00c9crit par\" \/>\n\t<meta name=\"twitter:data1\" content=\"Meosis\" \/>\n\t<meta name=\"twitter:label2\" content=\"Dur\u00e9e de lecture estim\u00e9e\" \/>\n\t<meta name=\"twitter:data2\" content=\"1 minute\" \/>\n<script type=\"application\/ld+json\" class=\"yoast-schema-graph\">{\"@context\":\"https:\/\/schema.org\",\"@graph\":[{\"@type\":\"Article\",\"@id\":\"https:\/\/services7.cloud1.sbg.meosis.fr\/julesettiago\/ouverture-micro-creche-312.html#article\",\"isPartOf\":{\"@id\":\"https:\/\/services7.cloud1.sbg.meosis.fr\/julesettiago\/ouverture-micro-creche-312.html\"},\"author\":{\"name\":\"Meosis\",\"@id\":\"https:\/\/services7.cloud1.sbg.meosis.fr\/julesettiago\/#\/schema\/person\/cb2cafe24bf0566579c6a37ed0acadc6\"},\"headline\":\"Ouverture pr\u00e9vue de la micro-cr\u00e8che\u00a0: 5 septembre 2022\",\"datePublished\":\"2022-01-27T13:56:17+00:00\",\"dateModified\":\"2022-05-31T15:09:44+00:00\",\"mainEntityOfPage\":{\"@id\":\"https:\/\/services7.cloud1.sbg.meosis.fr\/julesettiago\/ouverture-micro-creche-312.html\"},\"wordCount\":62,\"commentCount\":0,\"publisher\":{\"@id\":\"https:\/\/services7.cloud1.sbg.meosis.fr\/julesettiago\/#organization\"},\"image\":{\"@id\":\"https:\/\/services7.cloud1.sbg.meosis.fr\/julesettiago\/ouverture-micro-creche-312.html#primaryimage\"},\"thumbnailUrl\":\"https:\/\/services7.cloud1.sbg.meosis.fr\/julesettiago\/wp-content\/uploads\/sites\/11\/2022\/01\/favicon.jpg\",\"articleSection\":[\"Actualit\u00e9s\"],\"inLanguage\":\"fr-FR\",\"potentialAction\":[{\"@type\":\"CommentAction\",\"name\":\"Comment\",\"target\":[\"https:\/\/services7.cloud1.sbg.meosis.fr\/julesettiago\/ouverture-micro-creche-312.html#respond\"]}]},{\"@type\":\"WebPage\",\"@id\":\"https:\/\/services7.cloud1.sbg.meosis.fr\/julesettiago\/ouverture-micro-creche-312.html\",\"url\":\"https:\/\/services7.cloud1.sbg.meosis.fr\/julesettiago\/ouverture-micro-creche-312.html\",\"name\":\"Ouverture pr\u00e9vue de la micro-cr\u00e8che\u00a0: 5 septembre 2022 \u203a Jules & Tiago\",\"isPartOf\":{\"@id\":\"https:\/\/services7.cloud1.sbg.meosis.fr\/julesettiago\/#website\"},\"primaryImageOfPage\":{\"@id\":\"https:\/\/services7.cloud1.sbg.meosis.fr\/julesettiago\/ouverture-micro-creche-312.html#primaryimage\"},\"image\":{\"@id\":\"https:\/\/services7.cloud1.sbg.meosis.fr\/julesettiago\/ouverture-micro-creche-312.html#primaryimage\"},\"thumbnailUrl\":\"https:\/\/services7.cloud1.sbg.meosis.fr\/julesettiago\/wp-content\/uploads\/sites\/11\/2022\/01\/favicon.jpg\",\"datePublished\":\"2022-01-27T13:56:17+00:00\",\"dateModified\":\"2022-05-31T15:09:44+00:00\",\"description\":\"Une journ\u00e9e \\\"portes ouvertes\\\" sera organis\u00e9e avant l\u2019ouverture. Une inauguration sera \u00e9galement organis\u00e9e pour marquer l'ouverture\u00a0de la micro-cr\u00e8che !\",\"breadcrumb\":{\"@id\":\"https:\/\/services7.cloud1.sbg.meosis.fr\/julesettiago\/ouverture-micro-creche-312.html#breadcrumb\"},\"inLanguage\":\"fr-FR\",\"potentialAction\":[{\"@type\":\"ReadAction\",\"target\":[\"https:\/\/services7.cloud1.sbg.meosis.fr\/julesettiago\/ouverture-micro-creche-312.html\"]}]},{\"@type\":\"ImageObject\",\"inLanguage\":\"fr-FR\",\"@id\":\"https:\/\/services7.cloud1.sbg.meosis.fr\/julesettiago\/ouverture-micro-creche-312.html#primaryimage\",\"url\":\"https:\/\/services7.cloud1.sbg.meosis.fr\/julesettiago\/wp-content\/uploads\/sites\/11\/2022\/01\/favicon.jpg\",\"contentUrl\":\"https:\/\/services7.cloud1.sbg.meosis.fr\/julesettiago\/wp-content\/uploads\/sites\/11\/2022\/01\/favicon.jpg\",\"width\":250,\"height\":250},{\"@type\":\"BreadcrumbList\",\"@id\":\"https:\/\/services7.cloud1.sbg.meosis.fr\/julesettiago\/ouverture-micro-creche-312.html#breadcrumb\",\"itemListElement\":[{\"@type\":\"ListItem\",\"position\":1,\"name\":\"Micro-cr\u00e8che \u00e0 Blodelsheim\",\"item\":\"https:\/\/services7.cloud1.sbg.meosis.fr\/julesettiago\/\"},{\"@type\":\"ListItem\",\"position\":2,\"name\":\"Actualit\u00e9s\",\"item\":\"https:\/\/services7.cloud1.sbg.meosis.fr\/julesettiago\/category\/actualites\"},{\"@type\":\"ListItem\",\"position\":3,\"name\":\"Ouverture pr\u00e9vue de la micro-cr\u00e8che\u00a0: 5 septembre 2022\"}]},{\"@type\":\"WebSite\",\"@id\":\"https:\/\/services7.cloud1.sbg.meosis.fr\/julesettiago\/#website\",\"url\":\"https:\/\/services7.cloud1.sbg.meosis.fr\/julesettiago\/\",\"name\":\"JULES &amp; TIAGO\",\"description\":\"Micro-cr\u00e8che \u00e0 Blodelsheim\",\"publisher\":{\"@id\":\"https:\/\/services7.cloud1.sbg.meosis.fr\/julesettiago\/#organization\"},\"potentialAction\":[{\"@type\":\"SearchAction\",\"target\":{\"@type\":\"EntryPoint\",\"urlTemplate\":\"https:\/\/services7.cloud1.sbg.meosis.fr\/julesettiago\/?s={search_term_string}\"},\"query-input\":{\"@type\":\"PropertyValueSpecification\",\"valueRequired\":true,\"valueName\":\"search_term_string\"}}],\"inLanguage\":\"fr-FR\"},{\"@type\":\"Organization\",\"@id\":\"https:\/\/services7.cloud1.sbg.meosis.fr\/julesettiago\/#organization\",\"name\":\"JULES &amp; TIAGO\",\"url\":\"https:\/\/services7.cloud1.sbg.meosis.fr\/julesettiago\/\",\"logo\":{\"@type\":\"ImageObject\",\"inLanguage\":\"fr-FR\",\"@id\":\"https:\/\/services7.cloud1.sbg.meosis.fr\/julesettiago\/#\/schema\/logo\/image\/\",\"url\":\"https:\/\/services7.cloud1.sbg.meosis.fr\/julesettiago\/wp-content\/uploads\/sites\/11\/2022\/01\/logo.png\",\"contentUrl\":\"https:\/\/services7.cloud1.sbg.meosis.fr\/julesettiago\/wp-content\/uploads\/sites\/11\/2022\/01\/logo.png\",\"width\":201,\"height\":128,\"caption\":\"JULES &amp; TIAGO\"},\"image\":{\"@id\":\"https:\/\/services7.cloud1.sbg.meosis.fr\/julesettiago\/#\/schema\/logo\/image\/\"}},{\"@type\":\"Person\",\"@id\":\"https:\/\/services7.cloud1.sbg.meosis.fr\/julesettiago\/#\/schema\/person\/cb2cafe24bf0566579c6a37ed0acadc6\",\"name\":\"Meosis\",\"image\":{\"@type\":\"ImageObject\",\"inLanguage\":\"fr-FR\",\"@id\":\"https:\/\/services7.cloud1.sbg.meosis.fr\/julesettiago\/#\/schema\/person\/image\/\",\"url\":\"https:\/\/secure.gravatar.com\/avatar\/f6d89be5b9d5d76ea2fdc44d5b5fb94ff0703a4e2a36c38af181565c5b8f2938?s=96&d=mm&r=g\",\"contentUrl\":\"https:\/\/secure.gravatar.com\/avatar\/f6d89be5b9d5d76ea2fdc44d5b5fb94ff0703a4e2a36c38af181565c5b8f2938?s=96&d=mm&r=g\",\"caption\":\"Meosis\"},\"sameAs\":[\"https:\/\/services7.cloud1.sbg.meosis.fr\"]}]}<\/script>\n<!-- \/ Yoast SEO plugin. -->","yoast_head_json":{"title":"Ouverture pr\u00e9vue de la micro-cr\u00e8che\u00a0: 5 septembre 2022 \u203a Jules & Tiago","description":"Une journ\u00e9e \"portes ouvertes\" sera organis\u00e9e avant l\u2019ouverture. Une inauguration sera \u00e9galement organis\u00e9e pour marquer l'ouverture\u00a0de la micro-cr\u00e8che !","robots":{"index":"index","follow":"follow","max-snippet":"max-snippet:-1","max-image-preview":"max-image-preview:large","max-video-preview":"max-video-preview:-1"},"canonical":"https:\/\/services7.cloud1.sbg.meosis.fr\/julesettiago\/ouverture-micro-creche-312.html","og_locale":"fr_FR","og_type":"article","og_title":"Ouverture pr\u00e9vue de la micro-cr\u00e8che\u00a0: 5 septembre 2022 \u203a Jules & Tiago","og_description":"Une journ\u00e9e \"portes ouvertes\" sera organis\u00e9e avant l\u2019ouverture. Une inauguration sera \u00e9galement organis\u00e9e pour marquer l'ouverture\u00a0de la micro-cr\u00e8che !","og_url":"https:\/\/services7.cloud1.sbg.meosis.fr\/julesettiago\/ouverture-micro-creche-312.html","og_site_name":"JULES &amp; TIAGO","article_published_time":"2022-01-27T13:56:17+00:00","article_modified_time":"2022-05-31T15:09:44+00:00","og_image":[{"width":250,"height":250,"url":"https:\/\/services7.cloud1.sbg.meosis.fr\/julesettiago\/wp-content\/uploads\/sites\/11\/2022\/01\/favicon.jpg","type":"image\/jpeg"}],"author":"Meosis","twitter_card":"summary_large_image","twitter_misc":{"\u00c9crit par":"Meosis","Dur\u00e9e de lecture estim\u00e9e":"1 minute"},"schema":{"@context":"https:\/\/schema.org","@graph":[{"@type":"Article","@id":"https:\/\/services7.cloud1.sbg.meosis.fr\/julesettiago\/ouverture-micro-creche-312.html#article","isPartOf":{"@id":"https:\/\/services7.cloud1.sbg.meosis.fr\/julesettiago\/ouverture-micro-creche-312.html"},"author":{"name":"Meosis","@id":"https:\/\/services7.cloud1.sbg.meosis.fr\/julesettiago\/#\/schema\/person\/cb2cafe24bf0566579c6a37ed0acadc6"},"headline":"Ouverture pr\u00e9vue de la micro-cr\u00e8che\u00a0: 5 septembre 2022","datePublished":"2022-01-27T13:56:17+00:00","dateModified":"2022-05-31T15:09:44+00:00","mainEntityOfPage":{"@id":"https:\/\/services7.cloud1.sbg.meosis.fr\/julesettiago\/ouverture-micro-creche-312.html"},"wordCount":62,"commentCount":0,"publisher":{"@id":"https:\/\/services7.cloud1.sbg.meosis.fr\/julesettiago\/#organization"},"image":{"@id":"https:\/\/services7.cloud1.sbg.meosis.fr\/julesettiago\/ouverture-micro-creche-312.html#primaryimage"},"thumbnailUrl":"https:\/\/services7.cloud1.sbg.meosis.fr\/julesettiago\/wp-content\/uploads\/sites\/11\/2022\/01\/favicon.jpg","articleSection":["Actualit\u00e9s"],"inLanguage":"fr-FR","potentialAction":[{"@type":"CommentAction","name":"Comment","target":["https:\/\/services7.cloud1.sbg.meosis.fr\/julesettiago\/ouverture-micro-creche-312.html#respond"]}]},{"@type":"WebPage","@id":"https:\/\/services7.cloud1.sbg.meosis.fr\/julesettiago\/ouverture-micro-creche-312.html","url":"https:\/\/services7.cloud1.sbg.meosis.fr\/julesettiago\/ouverture-micro-creche-312.html","name":"Ouverture pr\u00e9vue de la micro-cr\u00e8che\u00a0: 5 septembre 2022 \u203a Jules & Tiago","isPartOf":{"@id":"https:\/\/services7.cloud1.sbg.meosis.fr\/julesettiago\/#website"},"primaryImageOfPage":{"@id":"https:\/\/services7.cloud1.sbg.meosis.fr\/julesettiago\/ouverture-micro-creche-312.html#primaryimage"},"image":{"@id":"https:\/\/services7.cloud1.sbg.meosis.fr\/julesettiago\/ouverture-micro-creche-312.html#primaryimage"},"thumbnailUrl":"https:\/\/services7.cloud1.sbg.meosis.fr\/julesettiago\/wp-content\/uploads\/sites\/11\/2022\/01\/favicon.jpg","datePublished":"2022-01-27T13:56:17+00:00","dateModified":"2022-05-31T15:09:44+00:00","description":"Une journ\u00e9e \"portes ouvertes\" sera organis\u00e9e avant l\u2019ouverture. Une inauguration sera \u00e9galement organis\u00e9e pour marquer l'ouverture\u00a0de la micro-cr\u00e8che !","breadcrumb":{"@id":"https:\/\/services7.cloud1.sbg.meosis.fr\/julesettiago\/ouverture-micro-creche-312.html#breadcrumb"},"inLanguage":"fr-FR","potentialAction":[{"@type":"ReadAction","target":["https:\/\/services7.cloud1.sbg.meosis.fr\/julesettiago\/ouverture-micro-creche-312.html"]}]},{"@type":"ImageObject","inLanguage":"fr-FR","@id":"https:\/\/services7.cloud1.sbg.meosis.fr\/julesettiago\/ouverture-micro-creche-312.html#primaryimage","url":"https:\/\/services7.cloud1.sbg.meosis.fr\/julesettiago\/wp-content\/uploads\/sites\/11\/2022\/01\/favicon.jpg","contentUrl":"https:\/\/services7.cloud1.sbg.meosis.fr\/julesettiago\/wp-content\/uploads\/sites\/11\/2022\/01\/favicon.jpg","width":250,"height":250},{"@type":"BreadcrumbList","@id":"https:\/\/services7.cloud1.sbg.meosis.fr\/julesettiago\/ouverture-micro-creche-312.html#breadcrumb","itemListElement":[{"@type":"ListItem","position":1,"name":"Micro-cr\u00e8che \u00e0 Blodelsheim","item":"https:\/\/services7.cloud1.sbg.meosis.fr\/julesettiago\/"},{"@type":"ListItem","position":2,"name":"Actualit\u00e9s","item":"https:\/\/services7.cloud1.sbg.meosis.fr\/julesettiago\/category\/actualites"},{"@type":"ListItem","position":3,"name":"Ouverture pr\u00e9vue de la micro-cr\u00e8che\u00a0: 5 septembre 2022"}]},{"@type":"WebSite","@id":"https:\/\/services7.cloud1.sbg.meosis.fr\/julesettiago\/#website","url":"https:\/\/services7.cloud1.sbg.meosis.fr\/julesettiago\/","name":"JULES &amp; TIAGO","description":"Micro-cr\u00e8che \u00e0 Blodelsheim","publisher":{"@id":"https:\/\/services7.cloud1.sbg.meosis.fr\/julesettiago\/#organization"},"potentialAction":[{"@type":"SearchAction","target":{"@type":"EntryPoint","urlTemplate":"https:\/\/services7.cloud1.sbg.meosis.fr\/julesettiago\/?s={search_term_string}"},"query-input":{"@type":"PropertyValueSpecification","valueRequired":true,"valueName":"search_term_string"}}],"inLanguage":"fr-FR"},{"@type":"Organization","@id":"https:\/\/services7.cloud1.sbg.meosis.fr\/julesettiago\/#organization","name":"JULES &amp; TIAGO","url":"https:\/\/services7.cloud1.sbg.meosis.fr\/julesettiago\/","logo":{"@type":"ImageObject","inLanguage":"fr-FR","@id":"https:\/\/services7.cloud1.sbg.meosis.fr\/julesettiago\/#\/schema\/logo\/image\/","url":"https:\/\/services7.cloud1.sbg.meosis.fr\/julesettiago\/wp-content\/uploads\/sites\/11\/2022\/01\/logo.png","contentUrl":"https:\/\/services7.cloud1.sbg.meosis.fr\/julesettiago\/wp-content\/uploads\/sites\/11\/2022\/01\/logo.png","width":201,"height":128,"caption":"JULES &amp; TIAGO"},"image":{"@id":"https:\/\/services7.cloud1.sbg.meosis.fr\/julesettiago\/#\/schema\/logo\/image\/"}},{"@type":"Person","@id":"https:\/\/services7.cloud1.sbg.meosis.fr\/julesettiago\/#\/schema\/person\/cb2cafe24bf0566579c6a37ed0acadc6","name":"Meosis","image":{"@type":"ImageObject","inLanguage":"fr-FR","@id":"https:\/\/services7.cloud1.sbg.meosis.fr\/julesettiago\/#\/schema\/person\/image\/","url":"https:\/\/secure.gravatar.com\/avatar\/f6d89be5b9d5d76ea2fdc44d5b5fb94ff0703a4e2a36c38af181565c5b8f2938?s=96&d=mm&r=g","contentUrl":"https:\/\/secure.gravatar.com\/avatar\/f6d89be5b9d5d76ea2fdc44d5b5fb94ff0703a4e2a36c38af181565c5b8f2938?s=96&d=mm&r=g","caption":"Meosis"},"sameAs":["https:\/\/services7.cloud1.sbg.meosis.fr"]}]}},"acf":[],"_links":{"self":[{"href":"https:\/\/services7.cloud1.sbg.meosis.fr\/julesettiago\/wp-json\/wp\/v2\/posts\/312","targetHints":{"allow":["GET"]}}],"collection":[{"href":"https:\/\/services7.cloud1.sbg.meosis.fr\/julesettiago\/wp-json\/wp\/v2\/posts"}],"about":[{"href":"https:\/\/services7.cloud1.sbg.meosis.fr\/julesettiago\/wp-json\/wp\/v2\/types\/post"}],"author":[{"embeddable":true,"href":"https:\/\/services7.cloud1.sbg.meosis.fr\/julesettiago\/wp-json\/wp\/v2\/users\/1"}],"replies":[{"embeddable":true,"href":"https:\/\/services7.cloud1.sbg.meosis.fr\/julesettiago\/wp-json\/wp\/v2\/comments?post=312"}],"version-history":[{"count":0,"href":"https:\/\/services7.cloud1.sbg.meosis.fr\/julesettiago\/wp-json\/wp\/v2\/posts\/312\/revisions"}],"wp:featuredmedia":[{"embeddable":true,"href":"https:\/\/services7.cloud1.sbg.meosis.fr\/julesettiago\/wp-json\/wp\/v2\/media\/23"}],"wp:attachment":[{"href":"https:\/\/services7.cloud1.sbg.meosis.fr\/julesettiago\/wp-json\/wp\/v2\/media?parent=312"}],"wp:term":[{"taxonomy":"category","embeddable":true,"href":"https:\/\/services7.cloud1.sbg.meosis.fr\/julesettiago\/wp-json\/wp\/v2\/categories?post=312"},{"taxonomy":"post_tag","embeddable":true,"href":"https:\/\/services7.cloud1.sbg.meosis.fr\/julesettiago\/wp-json\/wp\/v2\/tags?post=312"}],"curies":[{"name":"wp","href":"https:\/\/api.w.org\/{rel}","templated":true}]}}