{"id":2416,"date":"2023-09-05T07:00:30","date_gmt":"2023-09-05T05:00:30","guid":{"rendered":"https:\/\/www.microcrechejulesettiago.fr\/?p=2416"},"modified":"2023-07-12T10:34:58","modified_gmt":"2023-07-12T08:34:58","slug":"nous-fetons-notre-1er-anniversaire-%f0%9f%a5%b3","status":"publish","type":"post","link":"https:\/\/services7.cloud1.sbg.meosis.fr\/julesettiago\/nous-fetons-notre-1er-anniversaire-%f0%9f%a5%b3-2416.html","title":{"rendered":"Nous f\u00eatons notre 1er Anniversaire \ud83e\udd73"},"content":{"rendered":"<p>Voici 1 an que nous avons ouvert nos portes !<\/p>\n<p>Bilan de cette ann\u00e9e :<\/p>\n<ul>\n<li>Nous avons eu 22 inscriptions<\/li>\n<li>L\u2019\u00e9quipe est toujours la m\u00eame depuis l\u2019ouverture<\/li>\n<li>Le 21\/08\/23 nous avons accueilli une auxiliaire pu\u00e9riculture en apprentissage<\/li>\n<li>De tr\u00e8s belles rencontres tout au long de l&rsquo;ann\u00e9e avec diff\u00e9rents intervenants<\/li>\n<\/ul>\n","protected":false},"excerpt":{"rendered":"<p>Voici 1 an que nous avons ouvert nos portes ! Bilan de cette ann\u00e9e : Nous avons eu 22 inscriptions L\u2019\u00e9quipe est toujours la m\u00eame depuis l\u2019ouverture Le 21\/08\/23 nous avons accueilli une auxiliaire pu\u00e9riculture en apprentissage De tr\u00e8s belles rencontres tout au long de l&rsquo;ann\u00e9e avec diff\u00e9rents intervenants<\/p>\n","protected":false},"author":10,"featured_media":2418,"comment_status":"closed","ping_status":"closed","sticky":false,"template":"","format":"standard","meta":{"_acf_changed":false,"footnotes":""},"categories":[1],"tags":[],"class_list":["post-2416","post","type-post","status-publish","format-standard","has-post-thumbnail","hentry","category-actualites"],"yoast_head":"<!-- This site is optimized with the Yoast SEO plugin v24.4 - https:\/\/yoast.com\/wordpress\/plugins\/seo\/ -->\n<title>Nous f\u00eatons notre 1er Anniversaire \ud83e\udd73 \u203a Jules &amp; Tiago<\/title>\n<meta name=\"description\" content=\"Voici 1 an que nous avons ouvert nos portes ! Bilan de cette ann\u00e9e : Nous avons eu 22 inscriptions L\u2019\u00e9quipe est toujours la m\u00eame depuis l\u2019ouverture Le\" \/>\n<meta name=\"robots\" content=\"index, follow, max-snippet:-1, max-image-preview:large, max-video-preview:-1\" \/>\n<link rel=\"canonical\" href=\"https:\/\/services7.cloud1.sbg.meosis.fr\/julesettiago\/nous-fetons-notre-1er-anniversaire-\ud83e\udd73-2416.html\" \/>\n<meta property=\"og:locale\" content=\"fr_FR\" \/>\n<meta property=\"og:type\" content=\"article\" \/>\n<meta property=\"og:title\" content=\"Nous f\u00eatons notre 1er Anniversaire \ud83e\udd73 \u203a Jules &amp; Tiago\" \/>\n<meta property=\"og:description\" content=\"Voici 1 an que nous avons ouvert nos portes ! Bilan de cette ann\u00e9e : Nous avons eu 22 inscriptions L\u2019\u00e9quipe est toujours la m\u00eame depuis l\u2019ouverture Le\" \/>\n<meta property=\"og:url\" content=\"https:\/\/services7.cloud1.sbg.meosis.fr\/julesettiago\/nous-fetons-notre-1er-anniversaire-\ud83e\udd73-2416.html\" \/>\n<meta property=\"og:site_name\" content=\"JULES &amp; TIAGO\" \/>\n<meta property=\"article:published_time\" content=\"2023-09-05T05:00:30+00:00\" \/>\n<meta property=\"og:image\" content=\"https:\/\/services7.cloud1.sbg.meosis.fr\/julesettiago\/wp-content\/uploads\/sites\/11\/2023\/09\/305522605_175836831609398_4963891008740701024_n.jpg\" \/>\n\t<meta property=\"og:image:width\" content=\"720\" \/>\n\t<meta property=\"og:image:height\" content=\"960\" \/>\n\t<meta property=\"og:image:type\" content=\"image\/jpeg\" \/>\n<meta name=\"author\" content=\"microcrechejulesettiago\" \/>\n<meta name=\"twitter:card\" content=\"summary_large_image\" \/>\n<meta name=\"twitter:label1\" content=\"\u00c9crit par\" \/>\n\t<meta name=\"twitter:data1\" content=\"microcrechejulesettiago\" \/>\n<script type=\"application\/ld+json\" class=\"yoast-schema-graph\">{\"@context\":\"https:\/\/schema.org\",\"@graph\":[{\"@type\":\"Article\",\"@id\":\"https:\/\/services7.cloud1.sbg.meosis.fr\/julesettiago\/nous-fetons-notre-1er-anniversaire-%f0%9f%a5%b3-2416.html#article\",\"isPartOf\":{\"@id\":\"https:\/\/services7.cloud1.sbg.meosis.fr\/julesettiago\/nous-fetons-notre-1er-anniversaire-%f0%9f%a5%b3-2416.html\"},\"author\":{\"name\":\"microcrechejulesettiago\",\"@id\":\"https:\/\/services7.cloud1.sbg.meosis.fr\/julesettiago\/#\/schema\/person\/5852ed51303cac7523b82ed7f2109ee9\"},\"headline\":\"Nous f\u00eatons notre 1er Anniversaire \ud83e\udd73\",\"datePublished\":\"2023-09-05T05:00:30+00:00\",\"mainEntityOfPage\":{\"@id\":\"https:\/\/services7.cloud1.sbg.meosis.fr\/julesettiago\/nous-fetons-notre-1er-anniversaire-%f0%9f%a5%b3-2416.html\"},\"wordCount\":59,\"publisher\":{\"@id\":\"https:\/\/services7.cloud1.sbg.meosis.fr\/julesettiago\/#organization\"},\"image\":{\"@id\":\"https:\/\/services7.cloud1.sbg.meosis.fr\/julesettiago\/nous-fetons-notre-1er-anniversaire-%f0%9f%a5%b3-2416.html#primaryimage\"},\"thumbnailUrl\":\"https:\/\/services7.cloud1.sbg.meosis.fr\/julesettiago\/wp-content\/uploads\/sites\/11\/2023\/09\/305522605_175836831609398_4963891008740701024_n.jpg\",\"articleSection\":[\"Actualit\u00e9s\"],\"inLanguage\":\"fr-FR\"},{\"@type\":\"WebPage\",\"@id\":\"https:\/\/services7.cloud1.sbg.meosis.fr\/julesettiago\/nous-fetons-notre-1er-anniversaire-%f0%9f%a5%b3-2416.html\",\"url\":\"https:\/\/services7.cloud1.sbg.meosis.fr\/julesettiago\/nous-fetons-notre-1er-anniversaire-%f0%9f%a5%b3-2416.html\",\"name\":\"Nous f\u00eatons notre 1er Anniversaire \ud83e\udd73 \u203a Jules & Tiago\",\"isPartOf\":{\"@id\":\"https:\/\/services7.cloud1.sbg.meosis.fr\/julesettiago\/#website\"},\"primaryImageOfPage\":{\"@id\":\"https:\/\/services7.cloud1.sbg.meosis.fr\/julesettiago\/nous-fetons-notre-1er-anniversaire-%f0%9f%a5%b3-2416.html#primaryimage\"},\"image\":{\"@id\":\"https:\/\/services7.cloud1.sbg.meosis.fr\/julesettiago\/nous-fetons-notre-1er-anniversaire-%f0%9f%a5%b3-2416.html#primaryimage\"},\"thumbnailUrl\":\"https:\/\/services7.cloud1.sbg.meosis.fr\/julesettiago\/wp-content\/uploads\/sites\/11\/2023\/09\/305522605_175836831609398_4963891008740701024_n.jpg\",\"datePublished\":\"2023-09-05T05:00:30+00:00\",\"description\":\"Voici 1 an que nous avons ouvert nos portes ! Bilan de cette ann\u00e9e : Nous avons eu 22 inscriptions L\u2019\u00e9quipe est toujours la m\u00eame depuis l\u2019ouverture Le\",\"breadcrumb\":{\"@id\":\"https:\/\/services7.cloud1.sbg.meosis.fr\/julesettiago\/nous-fetons-notre-1er-anniversaire-%f0%9f%a5%b3-2416.html#breadcrumb\"},\"inLanguage\":\"fr-FR\",\"potentialAction\":[{\"@type\":\"ReadAction\",\"target\":[\"https:\/\/services7.cloud1.sbg.meosis.fr\/julesettiago\/nous-fetons-notre-1er-anniversaire-%f0%9f%a5%b3-2416.html\"]}]},{\"@type\":\"ImageObject\",\"inLanguage\":\"fr-FR\",\"@id\":\"https:\/\/services7.cloud1.sbg.meosis.fr\/julesettiago\/nous-fetons-notre-1er-anniversaire-%f0%9f%a5%b3-2416.html#primaryimage\",\"url\":\"https:\/\/services7.cloud1.sbg.meosis.fr\/julesettiago\/wp-content\/uploads\/sites\/11\/2023\/09\/305522605_175836831609398_4963891008740701024_n.jpg\",\"contentUrl\":\"https:\/\/services7.cloud1.sbg.meosis.fr\/julesettiago\/wp-content\/uploads\/sites\/11\/2023\/09\/305522605_175836831609398_4963891008740701024_n.jpg\",\"width\":720,\"height\":960},{\"@type\":\"BreadcrumbList\",\"@id\":\"https:\/\/services7.cloud1.sbg.meosis.fr\/julesettiago\/nous-fetons-notre-1er-anniversaire-%f0%9f%a5%b3-2416.html#breadcrumb\",\"itemListElement\":[{\"@type\":\"ListItem\",\"position\":1,\"name\":\"Micro-cr\u00e8che \u00e0 Blodelsheim\",\"item\":\"https:\/\/services7.cloud1.sbg.meosis.fr\/julesettiago\/\"},{\"@type\":\"ListItem\",\"position\":2,\"name\":\"Actualit\u00e9s\",\"item\":\"https:\/\/services7.cloud1.sbg.meosis.fr\/julesettiago\/category\/actualites\"},{\"@type\":\"ListItem\",\"position\":3,\"name\":\"Nous f\u00eatons notre 1er Anniversaire \ud83e\udd73\"}]},{\"@type\":\"WebSite\",\"@id\":\"https:\/\/services7.cloud1.sbg.meosis.fr\/julesettiago\/#website\",\"url\":\"https:\/\/services7.cloud1.sbg.meosis.fr\/julesettiago\/\",\"name\":\"JULES &amp; TIAGO\",\"description\":\"Micro-cr\u00e8che \u00e0 Blodelsheim\",\"publisher\":{\"@id\":\"https:\/\/services7.cloud1.sbg.meosis.fr\/julesettiago\/#organization\"},\"potentialAction\":[{\"@type\":\"SearchAction\",\"target\":{\"@type\":\"EntryPoint\",\"urlTemplate\":\"https:\/\/services7.cloud1.sbg.meosis.fr\/julesettiago\/?s={search_term_string}\"},\"query-input\":{\"@type\":\"PropertyValueSpecification\",\"valueRequired\":true,\"valueName\":\"search_term_string\"}}],\"inLanguage\":\"fr-FR\"},{\"@type\":\"Organization\",\"@id\":\"https:\/\/services7.cloud1.sbg.meosis.fr\/julesettiago\/#organization\",\"name\":\"JULES &amp; TIAGO\",\"url\":\"https:\/\/services7.cloud1.sbg.meosis.fr\/julesettiago\/\",\"logo\":{\"@type\":\"ImageObject\",\"inLanguage\":\"fr-FR\",\"@id\":\"https:\/\/services7.cloud1.sbg.meosis.fr\/julesettiago\/#\/schema\/logo\/image\/\",\"url\":\"https:\/\/services7.cloud1.sbg.meosis.fr\/julesettiago\/wp-content\/uploads\/sites\/11\/2022\/01\/logo.png\",\"contentUrl\":\"https:\/\/services7.cloud1.sbg.meosis.fr\/julesettiago\/wp-content\/uploads\/sites\/11\/2022\/01\/logo.png\",\"width\":201,\"height\":128,\"caption\":\"JULES &amp; TIAGO\"},\"image\":{\"@id\":\"https:\/\/services7.cloud1.sbg.meosis.fr\/julesettiago\/#\/schema\/logo\/image\/\"}},{\"@type\":\"Person\",\"@id\":\"https:\/\/services7.cloud1.sbg.meosis.fr\/julesettiago\/#\/schema\/person\/5852ed51303cac7523b82ed7f2109ee9\",\"name\":\"microcrechejulesettiago\",\"image\":{\"@type\":\"ImageObject\",\"inLanguage\":\"fr-FR\",\"@id\":\"https:\/\/services7.cloud1.sbg.meosis.fr\/julesettiago\/#\/schema\/person\/image\/\",\"url\":\"https:\/\/secure.gravatar.com\/avatar\/214873eeca1a94a642d75788d9484972e350d03fb698ba8722dd74ba5618d0ea?s=96&d=mm&r=g\",\"contentUrl\":\"https:\/\/secure.gravatar.com\/avatar\/214873eeca1a94a642d75788d9484972e350d03fb698ba8722dd74ba5618d0ea?s=96&d=mm&r=g\",\"caption\":\"microcrechejulesettiago\"}}]}<\/script>\n<!-- \/ Yoast SEO plugin. -->","yoast_head_json":{"title":"Nous f\u00eatons notre 1er Anniversaire \ud83e\udd73 \u203a Jules & Tiago","description":"Voici 1 an que nous avons ouvert nos portes ! Bilan de cette ann\u00e9e : Nous avons eu 22 inscriptions L\u2019\u00e9quipe est toujours la m\u00eame depuis l\u2019ouverture Le","robots":{"index":"index","follow":"follow","max-snippet":"max-snippet:-1","max-image-preview":"max-image-preview:large","max-video-preview":"max-video-preview:-1"},"canonical":"https:\/\/services7.cloud1.sbg.meosis.fr\/julesettiago\/nous-fetons-notre-1er-anniversaire-\ud83e\udd73-2416.html","og_locale":"fr_FR","og_type":"article","og_title":"Nous f\u00eatons notre 1er Anniversaire \ud83e\udd73 \u203a Jules & Tiago","og_description":"Voici 1 an que nous avons ouvert nos portes ! Bilan de cette ann\u00e9e : Nous avons eu 22 inscriptions L\u2019\u00e9quipe est toujours la m\u00eame depuis l\u2019ouverture Le","og_url":"https:\/\/services7.cloud1.sbg.meosis.fr\/julesettiago\/nous-fetons-notre-1er-anniversaire-\ud83e\udd73-2416.html","og_site_name":"JULES &amp; TIAGO","article_published_time":"2023-09-05T05:00:30+00:00","og_image":[{"width":720,"height":960,"url":"https:\/\/services7.cloud1.sbg.meosis.fr\/julesettiago\/wp-content\/uploads\/sites\/11\/2023\/09\/305522605_175836831609398_4963891008740701024_n.jpg","type":"image\/jpeg"}],"author":"microcrechejulesettiago","twitter_card":"summary_large_image","twitter_misc":{"\u00c9crit par":"microcrechejulesettiago"},"schema":{"@context":"https:\/\/schema.org","@graph":[{"@type":"Article","@id":"https:\/\/services7.cloud1.sbg.meosis.fr\/julesettiago\/nous-fetons-notre-1er-anniversaire-%f0%9f%a5%b3-2416.html#article","isPartOf":{"@id":"https:\/\/services7.cloud1.sbg.meosis.fr\/julesettiago\/nous-fetons-notre-1er-anniversaire-%f0%9f%a5%b3-2416.html"},"author":{"name":"microcrechejulesettiago","@id":"https:\/\/services7.cloud1.sbg.meosis.fr\/julesettiago\/#\/schema\/person\/5852ed51303cac7523b82ed7f2109ee9"},"headline":"Nous f\u00eatons notre 1er Anniversaire \ud83e\udd73","datePublished":"2023-09-05T05:00:30+00:00","mainEntityOfPage":{"@id":"https:\/\/services7.cloud1.sbg.meosis.fr\/julesettiago\/nous-fetons-notre-1er-anniversaire-%f0%9f%a5%b3-2416.html"},"wordCount":59,"publisher":{"@id":"https:\/\/services7.cloud1.sbg.meosis.fr\/julesettiago\/#organization"},"image":{"@id":"https:\/\/services7.cloud1.sbg.meosis.fr\/julesettiago\/nous-fetons-notre-1er-anniversaire-%f0%9f%a5%b3-2416.html#primaryimage"},"thumbnailUrl":"https:\/\/services7.cloud1.sbg.meosis.fr\/julesettiago\/wp-content\/uploads\/sites\/11\/2023\/09\/305522605_175836831609398_4963891008740701024_n.jpg","articleSection":["Actualit\u00e9s"],"inLanguage":"fr-FR"},{"@type":"WebPage","@id":"https:\/\/services7.cloud1.sbg.meosis.fr\/julesettiago\/nous-fetons-notre-1er-anniversaire-%f0%9f%a5%b3-2416.html","url":"https:\/\/services7.cloud1.sbg.meosis.fr\/julesettiago\/nous-fetons-notre-1er-anniversaire-%f0%9f%a5%b3-2416.html","name":"Nous f\u00eatons notre 1er Anniversaire \ud83e\udd73 \u203a Jules & Tiago","isPartOf":{"@id":"https:\/\/services7.cloud1.sbg.meosis.fr\/julesettiago\/#website"},"primaryImageOfPage":{"@id":"https:\/\/services7.cloud1.sbg.meosis.fr\/julesettiago\/nous-fetons-notre-1er-anniversaire-%f0%9f%a5%b3-2416.html#primaryimage"},"image":{"@id":"https:\/\/services7.cloud1.sbg.meosis.fr\/julesettiago\/nous-fetons-notre-1er-anniversaire-%f0%9f%a5%b3-2416.html#primaryimage"},"thumbnailUrl":"https:\/\/services7.cloud1.sbg.meosis.fr\/julesettiago\/wp-content\/uploads\/sites\/11\/2023\/09\/305522605_175836831609398_4963891008740701024_n.jpg","datePublished":"2023-09-05T05:00:30+00:00","description":"Voici 1 an que nous avons ouvert nos portes ! Bilan de cette ann\u00e9e : Nous avons eu 22 inscriptions L\u2019\u00e9quipe est toujours la m\u00eame depuis l\u2019ouverture Le","breadcrumb":{"@id":"https:\/\/services7.cloud1.sbg.meosis.fr\/julesettiago\/nous-fetons-notre-1er-anniversaire-%f0%9f%a5%b3-2416.html#breadcrumb"},"inLanguage":"fr-FR","potentialAction":[{"@type":"ReadAction","target":["https:\/\/services7.cloud1.sbg.meosis.fr\/julesettiago\/nous-fetons-notre-1er-anniversaire-%f0%9f%a5%b3-2416.html"]}]},{"@type":"ImageObject","inLanguage":"fr-FR","@id":"https:\/\/services7.cloud1.sbg.meosis.fr\/julesettiago\/nous-fetons-notre-1er-anniversaire-%f0%9f%a5%b3-2416.html#primaryimage","url":"https:\/\/services7.cloud1.sbg.meosis.fr\/julesettiago\/wp-content\/uploads\/sites\/11\/2023\/09\/305522605_175836831609398_4963891008740701024_n.jpg","contentUrl":"https:\/\/services7.cloud1.sbg.meosis.fr\/julesettiago\/wp-content\/uploads\/sites\/11\/2023\/09\/305522605_175836831609398_4963891008740701024_n.jpg","width":720,"height":960},{"@type":"BreadcrumbList","@id":"https:\/\/services7.cloud1.sbg.meosis.fr\/julesettiago\/nous-fetons-notre-1er-anniversaire-%f0%9f%a5%b3-2416.html#breadcrumb","itemListElement":[{"@type":"ListItem","position":1,"name":"Micro-cr\u00e8che \u00e0 Blodelsheim","item":"https:\/\/services7.cloud1.sbg.meosis.fr\/julesettiago\/"},{"@type":"ListItem","position":2,"name":"Actualit\u00e9s","item":"https:\/\/services7.cloud1.sbg.meosis.fr\/julesettiago\/category\/actualites"},{"@type":"ListItem","position":3,"name":"Nous f\u00eatons notre 1er Anniversaire \ud83e\udd73"}]},{"@type":"WebSite","@id":"https:\/\/services7.cloud1.sbg.meosis.fr\/julesettiago\/#website","url":"https:\/\/services7.cloud1.sbg.meosis.fr\/julesettiago\/","name":"JULES &amp; TIAGO","description":"Micro-cr\u00e8che \u00e0 Blodelsheim","publisher":{"@id":"https:\/\/services7.cloud1.sbg.meosis.fr\/julesettiago\/#organization"},"potentialAction":[{"@type":"SearchAction","target":{"@type":"EntryPoint","urlTemplate":"https:\/\/services7.cloud1.sbg.meosis.fr\/julesettiago\/?s={search_term_string}"},"query-input":{"@type":"PropertyValueSpecification","valueRequired":true,"valueName":"search_term_string"}}],"inLanguage":"fr-FR"},{"@type":"Organization","@id":"https:\/\/services7.cloud1.sbg.meosis.fr\/julesettiago\/#organization","name":"JULES &amp; TIAGO","url":"https:\/\/services7.cloud1.sbg.meosis.fr\/julesettiago\/","logo":{"@type":"ImageObject","inLanguage":"fr-FR","@id":"https:\/\/services7.cloud1.sbg.meosis.fr\/julesettiago\/#\/schema\/logo\/image\/","url":"https:\/\/services7.cloud1.sbg.meosis.fr\/julesettiago\/wp-content\/uploads\/sites\/11\/2022\/01\/logo.png","contentUrl":"https:\/\/services7.cloud1.sbg.meosis.fr\/julesettiago\/wp-content\/uploads\/sites\/11\/2022\/01\/logo.png","width":201,"height":128,"caption":"JULES &amp; TIAGO"},"image":{"@id":"https:\/\/services7.cloud1.sbg.meosis.fr\/julesettiago\/#\/schema\/logo\/image\/"}},{"@type":"Person","@id":"https:\/\/services7.cloud1.sbg.meosis.fr\/julesettiago\/#\/schema\/person\/5852ed51303cac7523b82ed7f2109ee9","name":"microcrechejulesettiago","image":{"@type":"ImageObject","inLanguage":"fr-FR","@id":"https:\/\/services7.cloud1.sbg.meosis.fr\/julesettiago\/#\/schema\/person\/image\/","url":"https:\/\/secure.gravatar.com\/avatar\/214873eeca1a94a642d75788d9484972e350d03fb698ba8722dd74ba5618d0ea?s=96&d=mm&r=g","contentUrl":"https:\/\/secure.gravatar.com\/avatar\/214873eeca1a94a642d75788d9484972e350d03fb698ba8722dd74ba5618d0ea?s=96&d=mm&r=g","caption":"microcrechejulesettiago"}}]}},"acf":[],"_links":{"self":[{"href":"https:\/\/services7.cloud1.sbg.meosis.fr\/julesettiago\/wp-json\/wp\/v2\/posts\/2416","targetHints":{"allow":["GET"]}}],"collection":[{"href":"https:\/\/services7.cloud1.sbg.meosis.fr\/julesettiago\/wp-json\/wp\/v2\/posts"}],"about":[{"href":"https:\/\/services7.cloud1.sbg.meosis.fr\/julesettiago\/wp-json\/wp\/v2\/types\/post"}],"author":[{"embeddable":true,"href":"https:\/\/services7.cloud1.sbg.meosis.fr\/julesettiago\/wp-json\/wp\/v2\/users\/10"}],"replies":[{"embeddable":true,"href":"https:\/\/services7.cloud1.sbg.meosis.fr\/julesettiago\/wp-json\/wp\/v2\/comments?post=2416"}],"version-history":[{"count":3,"href":"https:\/\/services7.cloud1.sbg.meosis.fr\/julesettiago\/wp-json\/wp\/v2\/posts\/2416\/revisions"}],"predecessor-version":[{"id":2420,"href":"https:\/\/services7.cloud1.sbg.meosis.fr\/julesettiago\/wp-json\/wp\/v2\/posts\/2416\/revisions\/2420"}],"wp:featuredmedia":[{"embeddable":true,"href":"https:\/\/services7.cloud1.sbg.meosis.fr\/julesettiago\/wp-json\/wp\/v2\/media\/2418"}],"wp:attachment":[{"href":"https:\/\/services7.cloud1.sbg.meosis.fr\/julesettiago\/wp-json\/wp\/v2\/media?parent=2416"}],"wp:term":[{"taxonomy":"category","embeddable":true,"href":"https:\/\/services7.cloud1.sbg.meosis.fr\/julesettiago\/wp-json\/wp\/v2\/categories?post=2416"},{"taxonomy":"post_tag","embeddable":true,"href":"https:\/\/services7.cloud1.sbg.meosis.fr\/julesettiago\/wp-json\/wp\/v2\/tags?post=2416"}],"curies":[{"name":"wp","href":"https:\/\/api.w.org\/{rel}","templated":true}]}}